{"tema_id":"10598","string":"Claes, Willy (1938-....)","created":"2026-04-09 18:53:58","code":null,"notes":[{"@type":"Note d'application","@lang":"fr","@value":"Type : Nom de personne\n\n1938 (Hasselt, Belgique)-....\n\nWilly Claes est un homme politique, musicien et chef d'orchestre belge, n\u00e9 \u00e0 Hasselt le 24 novembre 1938, membre du parti socialiste flamand, ministre d'\u00c9tat nomm\u00e9 en 1983.\n\nWilly Claes d\u00e9bute sa carri\u00e8re politique en tant que conseiller communal de Hasselt en 1964, il est \u00e9lu d\u00e9put\u00e9 \u00e0 la Chambre des Repr\u00e9sentants quatre ans plus tard.\n\nIl acc\u00e8de pour la premi\u00e8re fois \u00e0 une fonction minist\u00e9rielle en 1972 au poste de l\u2019\u00e9ducation dans le gouvernement de Gaston Eyskens. Nomm\u00e9 ministre des affaires \u00e9conomiques en 1973, dans le gouvernement d'Edmond Leburton, il est \u00e0 l\u2019initiative des mesures de restrictions \u00e9nerg\u00e9tiques rendues n\u00e9cessaires par le premier choc p\u00e9trolier, diminution du chauffage dans les \u00e9tablissements publics, interdiction d\u2019\u00e9clairage des enseignes et vitrines la nuit, limitation \u00e0 100 km\/heure de la vitesse autoris\u00e9e sur autoroute et dimanches sans voitures. Il sera encore ministre des affaires \u00e9conomiques \u00e0 plusieurs reprises, de 1977 \u00e0 1982, et de 1988 \u00e0 1992 dans les gouvernements successifs de L\u00e9o Tindemans, Mark Eyskens et Wilfried Martens.\n\nIl si\u00e9gea pendant la 47e l\u00e9gislature de la Chambre des Repr\u00e9sentants de Belgique.\n\nEn 1992, il est \u00e9lu pr\u00e9sident du parti socialiste europ\u00e9en, et devient vice-premier ministre et ministre des affaires \u00e9trang\u00e8res dans le gouvernement pr\u00e9sid\u00e9 par Jean-Luc Dehaene. Il sera remplac\u00e9 \u00e0 ce poste par Frank Vandenbroucke en 1994 ann\u00e9e de sa nomination \u00e0 l'OTAN.\n\nSecr\u00e9taire g\u00e9n\u00e9ral de l'OTAN du 17 octobre 1994 au 20 octobre 1995 (poste auquel il succ\u00e9dait \u00e0 Manfred W\u00f6rner), il dut d\u00e9missionner de ce poste apr\u00e8s avoir \u00e9t\u00e9 mis en cause dans une affaire de corruption relative \u00e0 l'achat d'h\u00e9licopt\u00e8res par la d\u00e9fense nationale belge (l'affaire Agusta) quand il \u00e9tait ministre des affaires \u00e9conomiques. Il fut remplac\u00e9 par Javier Solana. La Cour de cassation (comp\u00e9tente pour les affaires impliquant des ministres) condamnera le 23 d\u00e9cembre 1998 Willy Claes \u00e0 trois ans de prison avec sursis et interdiction de cinq ans d'exercice d'une fonction publique.\n\nLors de la crise politique de l'\u00e9t\u00e9 2007, Willy Claes a fait partie des ministres d'\u00c9tat consult\u00e9s officiellement par le roi Albert II au ch\u00e2teau du Belv\u00e9d\u00e8re pour sortir de la crise. "}]}