{"tema_id":"10741","string":"Classement et notation (\u00e9l\u00e8ves et \u00e9tudiants)--Belgique--Verviers","created":"2026-04-09 18:53:58","code":null}