{"tema_id":"10857","string":"Clerg\u00e9--France--Paris--Activit\u00e9 politique--19e si\u00e8cle","created":"2026-04-09 18:53:58","code":null}