{"tema_id":"1103","string":"Alliance nationale des mutualit\u00e9s chr\u00e9tiennes (Belgique). R\u00e9gionale (Verviers-Eupen)","created":"2026-04-09 18:53:58","code":null,"notes":[{"@type":"Note d'application","@lang":"fr","@value":"Collectivit\u00e9 "}]}