{"tema_id":"11475","string":"Combe, Sonia (1949-....)","created":"2026-04-09 18:53:58","code":null,"notes":[{"@type":"Note d'application","@lang":"fr","@value":"Type : Nom de personne\n\nNationalit\u00e9(s) : France\nLangue(s) : fran\u00e7ais. A traduit de : allemand\nSexe : f\u00e9minin\nResponsabilit\u00e9(s) exerc\u00e9e(s) sur les documents : Auteur\nNaissance : 1949\n\nConservateur \u00e0 la Biblioth\u00e8que de documentation internationale contemporaine, BDIC, responsable du d\u00e9partement Archives et recherche (en 2003). - Directrice de la collection \"Histoire \u00e0 deux voix\" (en 2003). - Membre de l'Equipe de recherche \"M\u00e9moire grise \u00e0 l'Est\", BDIC, Universit\u00e9 de Paris X (en 1994). - Poursuit des enqu\u00eates en histoire orale sur la m\u00e9moire des anciens prisonniers des camps en Europe de l'Est (en 1994) "}]}