{"tema_id":"11594","string":"Comit\u00e9 d'action et de d\u00e9fense des intern\u00e9s de Belgique","created":"2026-04-09 18:53:58","code":null}