{"tema_id":"11601","string":"Comit\u00e9 d'action pour la d\u00e9fense de l'\u00e9cole nationale (Bruxelles)","created":"2026-04-09 18:53:58","code":null}