{"tema_id":"11602","string":"Comit\u00e9 d'action pour la d\u00e9fense et les int\u00e9r\u00eats du petit et moyen commerce (Bruxelles)","created":"2026-04-09 18:53:58","code":null}