{"tema_id":"11626","string":"Comit\u00e9 d'\u00e9tude et de d\u00e9fense du Thier-\u00e0-Li\u00e8ge","created":"2026-04-09 18:53:58","code":null}