{"tema_id":"11635","string":"Comit\u00e9 d'hommage des juifs de Belgique \u00e0 leurs h\u00e9ros et sauveurs","created":"2026-04-09 18:53:58","code":null}