{"tema_id":"11653","string":"Comit\u00e9 de d\u00e9fense des Juifs (Belgique). Section (Li\u00e8ge)","created":"2026-04-09 18:53:58","code":null,"notes":[{"@type":"Note d'application","@lang":"fr","@value":"Type : Collectivit\u00e9\n\nCollectivit\u00e9 "}]}