{"tema_id":"11657","string":"Comit\u00e9 de d\u00e9fense des victimes de la r\u00e9pression espagnole (France)","created":"2026-04-09 18:53:58","code":null,"notes":[{"@type":"Note d'application","@lang":"fr","@value":"Type : Collectivit\u00e9\n\nNation(s) : France\nLangue(s) : fran\u00e7ais\nResponsabilit\u00e9(s) exerc\u00e9e(s) sur les documents : Auteur\n\nS'organise autour de la r\u00e9pression de 1909, visant notamment Francisco Ferrer, fondateur de l'\u00c9cole nouvelle \u00e0 Barcelone "}]}