{"tema_id":"11674","string":"Comit\u00e9 de liaison pour l'alphab\u00e9tisation et la promotion des immigr\u00e9s en Alsace","created":"2026-04-09 18:53:58","code":null}