{"tema_id":"11675","string":"Comit\u00e9 de lutte syndicale de l'\u00e9lectricit\u00e9 (Belgique)","created":"2026-04-09 18:53:58","code":null}