{"tema_id":"11679","string":"Comit\u00e9 de lutte syndicale des mineurs (Belgique). R\u00e9gionale (Li\u00e8ge)","created":"2026-04-09 18:53:58","code":null}