{"tema_id":"11681","string":"Comit\u00e9 de lutte syndicale des services publics (Belgique). Comit\u00e9 g\u00e9n\u00e9ral","created":"2026-04-09 18:53:58","code":null}