{"tema_id":"11703","string":"Comit\u00e9 de solidarit\u00e9 avec la R\u00e9publique d\u00e9mocratique d'Afghanistan (Belgique)","created":"2026-04-09 18:53:58","code":null}