{"tema_id":"11721","string":"Comit\u00e9 de vigilance du travail f\u00e9minin (Li\u00e8ge, Belgique)","created":"2026-04-09 18:53:58","code":null}