{"tema_id":"11726","string":"Comit\u00e9 des \u00e9glises aupr\u00e8s des migrants en Europe (Bruxelles)","created":"2026-04-09 18:53:58","code":null}