{"tema_id":"11730","string":"Comit\u00e9 des \u00e9glises aupr\u00e8s des travailleurs migrants en Europe occidentale (Gen\u00e8ve, Suisse)","created":"2026-04-09 18:53:58","code":null}