{"tema_id":"11732","string":"Comit\u00e9 des f\u00eates de la lib\u00e9ration (Li\u00e8ge, Belgique)","created":"2026-04-09 18:53:58","code":null}