{"tema_id":"11752","string":"Comit\u00e9 europ\u00e9en de coordination des associations d'amiti\u00e9 avec le monde arabe","created":"2026-04-09 18:53:58","code":null}