{"tema_id":"11755","string":"Comit\u00e9 fran\u00e7ais pour l'Union paneurop\u00e9enne","created":"2026-04-09 18:53:58","code":null}