{"tema_id":"11828","string":"Comit\u00e9 li\u00e9geois pour la lib\u00e9ralisation de la l\u00e9gislation sur l'avortement et la contraception","created":"2026-04-09 18:53:58","code":null}