{"tema_id":"11832","string":"Comit\u00e9 m\u00e9dical et m\u00e9dico-social d'aide aux migrants (France)","created":"2026-04-09 18:53:58","code":null}