{"tema_id":"11838","string":"Comit\u00e9 mondial des femmes contre la guerre et le fascisme","created":"2026-04-09 18:53:58","code":null,"notes":[{"@type":"Note d'application","@lang":"fr","@value":"Type : Collectivit\u00e9\n\nLangue(s) : multilingue\nResponsabilit\u00e9(s) exerc\u00e9e(s) sur les documents : Auteur\nNaissance : 1934-08\n\nFond\u00e9 \u00e0 Paris en ao\u00fbt 1934\n\nAdresse : 1 cit\u00e9 Paradis, Paris 10\u00e8me "}]}