{"tema_id":"11879","string":"Comit\u00e9 national des conseillers du commerce ext\u00e9rieur de la France. Comit\u00e9 r\u00e9gional (Alpes-Maritimes)","created":"2026-04-09 18:53:58","code":null}