{"tema_id":"11885","string":"Comit\u00e9 national pour l'\u00e9rection et la conservation d'un m\u00e9morial de la d\u00e9portation au Struthof (Belgique)","created":"2026-04-09 18:53:58","code":null}