{"tema_id":"11932","string":"Comit\u00e9 pour la lib\u00e9ration de Thaelmann et des antifascistes allemands emprisonn\u00e9s (Paris)","created":"2026-04-09 18:53:58","code":null}