{"tema_id":"11973","string":"Comit\u00e9 syndical europ\u00e9en de l'\u00e9ducation","created":"2026-04-09 18:53:58","code":null}