{"tema_id":"12251","string":"Communaut\u00e9 europ\u00e9enne de d\u00e9fense (projet)","created":"2026-04-09 18:53:58","code":null,"notes":[{"@type":"Note d'application","@lang":"fr","@value":"Type : Collectivit\u00e9\n\nNation(s) : intergouvernemental\nLangue(s) : multilingue\nNaissance : 1952-05-27\nMort : 1954-08-30\n\nCr\u00e9\u00e9e par le trait\u00e9 de Paris (27-5-1952), la CED devait permettre la constitution d'une arm\u00e9e europ\u00e9enne int\u00e9grant les forces des 6 pays de la CECA (Belgique, France, Italie, Luxembourg, Pays-Bas et RFA), en \u00e9vitant la reconstitution d'une arm\u00e9e allemande ; le projet fut ratifi\u00e9 par 5 pays, et rejet\u00e9 en France \u00e0 l'Assembl\u00e9e nationale (30-8-1954) "}]}