{"tema_id":"12270","string":"Communaut\u00e9 europ\u00e9enne--Cr\u00e9dits budg\u00e9taires et d\u00e9penses","created":"2026-04-09 18:53:58","code":null}