{"tema_id":"12283","string":"Communaut\u00e9 fran\u00e7aise de Belgique--Cr\u00e9dits budg\u00e9taires et d\u00e9penses","created":"2026-04-09 18:53:58","code":null}