{"tema_id":"12285","string":"Communaut\u00e9 fran\u00e7aise de Belgique. Administration g\u00e9n\u00e9rale de l'enseignement et de la recherche scientifique","created":"2026-04-09 18:53:58","code":null,"notes":[{"@type":"Note d'application","@lang":"fr","@value":"Type : Collectivit\u00e9\n\nCollectivit\u00e9 "}]}