{"tema_id":"12286","string":"Communaut\u00e9 fran\u00e7aise de Belgique. Administration g\u00e9n\u00e9rale de la culture. Service g\u00e9n\u00e9ral de la jeunesse et de l'\u00e9ducation permanente","created":"2026-04-09 18:53:58","code":null}