{"tema_id":"12294","string":"Communaut\u00e9 fran\u00e7aise de Belgique. Conseil de l'\u00e9ducation et de la formation. Cellule Hom\u00e8re","created":"2026-04-09 18:53:58","code":null}