{"tema_id":"12295","string":"Communaut\u00e9 fran\u00e7aise de Belgique. Conseil permanent de l'enseignement sup\u00e9rieur","created":"2026-04-09 18:53:58","code":null}