{"tema_id":"12298","string":"Communaut\u00e9 fran\u00e7aise de Belgique. D\u00e9l\u00e9gu\u00e9 aux droits de l'enfant","created":"2026-04-09 18:53:58","code":null}