{"tema_id":"12303","string":"Communaut\u00e9 fran\u00e7aise de Belgique. Direction g\u00e9n\u00e9rale de la culture et de la communication","created":"2026-04-09 18:53:58","code":null}