{"tema_id":"12304","string":"Communaut\u00e9 fran\u00e7aise de Belgique. Direction g\u00e9n\u00e9rale de la culture et de la communication. Conseil sup\u00e9rieur de l'\u00e9ducation populaire","created":"2026-04-09 18:53:58","code":null}