{"tema_id":"12307","string":"Communaut\u00e9 fran\u00e7aise de Belgique. Direction g\u00e9n\u00e9rale de la jeunesse et des loisirs","created":"2026-04-09 18:53:58","code":null}