{"tema_id":"12313","string":"Communaut\u00e9 fran\u00e7aise de Belgique. Minist\u00e8re. Administration g\u00e9n\u00e9rale de l'enseignement et de la recherche scientifique","created":"2026-04-09 18:53:58","code":null}