{"tema_id":"12314","string":"Communaut\u00e9 fran\u00e7aise de Belgique. Minist\u00e8re. Direction de l'\u00e9galit\u00e9 des chances","created":"2026-04-09 18:53:58","code":null}