{"tema_id":"12315","string":"Communaut\u00e9 fran\u00e7aise de Belgique. Minist\u00e8re. Direction des relations internationales","created":"2026-04-09 18:53:58","code":null}