{"tema_id":"12318","string":"Communaut\u00e9 fran\u00e7aise de Belgique. Minist\u00e8re. Direction g\u00e9n\u00e9rale de la culture. Secteur des centres culturels","created":"2026-04-09 18:53:58","code":null}