{"tema_id":"12326","string":"Communaut\u00e9 fran\u00e7aise de Belgique. Service \u00c9coute-Enfants","created":"2026-04-09 18:53:58","code":null}