{"tema_id":"12327","string":"Communaut\u00e9 fran\u00e7aise de Belgique. Service g\u00e9n\u00e9ral de l'audiovisuel et des multim\u00e9dias. Centre du cin\u00e9ma et de l'audiovisuel","created":"2026-04-09 18:53:58","code":null}