{"tema_id":"12329","string":"Communaut\u00e9 fran\u00e7aise de Belgique. Tourn\u00e9es Arts et vie. Service de l'\u00e9ducation permanente","created":"2026-04-09 18:53:58","code":null}