{"tema_id":"12371","string":"Communaut\u00e9s europ\u00e9ennes. Comit\u00e9 \u00e9conomique et social","created":"2026-04-09 18:53:58","code":null}