{"tema_id":"13006","string":"Conf\u00e9d\u00e9ration des organisations de jeunesse lib\u00e9rales (Belgique)","created":"2026-04-09 18:53:58","code":null}